{"id":2328,"date":"2018-12-13T12:15:50","date_gmt":"2018-12-13T11:15:50","guid":{"rendered":"http:\/\/www.lazioeuropa.it\/news\/?p=2328"},"modified":"2022-04-22T18:00:56","modified_gmt":"2022-04-22T16:00:56","slug":"la-regione-della-creativita-2","status":"publish","type":"post","link":"https:\/\/www.lazioeuropa.it\/archivio1420\/general\/la-regione-della-creativita-2\/","title":{"rendered":"Il Lazio tra artigianato e creativit\u00e0"},"content":{"rendered":"<p>Servizi <strong>cloud<\/strong> per l\u2019industria dell\u2019<strong>audiovisivo<\/strong>, lampade di <strong>design<\/strong>, gioielli personalizzati, sono tantissime e diverse le applicazioni delle imprese beneficiarie dei bandi della Regione Lazio, gestiti da Lazio Innova, per la <strong>creativit\u00e0<\/strong> applicata a settori che spaziano dall&#8217;audiovisivo al fumetto, dall&#8217;editoria all&#8217;artigianato, spingendosi fino alle frontiere del digitale.<\/p>\n<p>Il sostegno all&#8217;<strong>economia creativa<\/strong>,\u00a0che nel Lazio vale circa il 9% del valore aggiunto con 14,9 miliardi di euro di valore prodotti e 204 mila addetti, \u00e8 mirato a\u00a0<strong>promuovere la nascita<\/strong>,<strong>\u00a0la crescita e il consolidamento di nuove imprese, startup, piccole aziende e di sostenere anche la grande industria<\/strong>.<\/p>\n<p>E questo \u00e8 proprio lo scopo dei tre bandi <a href=\"http:\/\/lazioeuropa.it\/bandi\/por_fesr_bando_creativita_2020-475\/\"><strong>Creativit\u00e0 2020<\/strong><\/a>, <a href=\"http:\/\/lazioeuropa.it\/bandi\/sostegno_e_sviluppo_di_imprese_nel_settore_delle_attivita_culturali_e_creative_avviso_pubblico_modificato-375\/\"><strong>Fondo per startup creative e culturali<\/strong><\/a> e <strong>Interventi per l\u2019Artigianato,<\/strong>\u00a0per i quali sono stati\u00a0premiati i\u00a0<strong>179 progetti vincitori<\/strong>\u00a0nella splendida cornice di Palazzo Merulana a Roma dall\u2019assessore allo Sviluppo Economico<strong>\u00a0Gian Paolo Manzella<\/strong>.<\/p>\n<p>I progetti vincitori hanno ricevuto\u00a0<strong>9,5 milioni euro<\/strong>\u00a0di finanziamenti che generano investimenti complessivi per circa 16 milioni.<\/p>\n<p>Oltre alle imprese, durante la premiazione \u00e8 intervento, in stile \u201cTED talk\u201d, il designer\u00a0<strong>Odo Fioravanti<\/strong>\u00a0che sperimenta dal 2003 il design grafico ed espositivo a livello internazionale.<\/p>\n<p>Il bando \u201c<strong>Creativit\u00e0 2020<\/strong>\u201d, uno degli otto del pacchetto POR FESR per la Reindustrializzazione, era pensato tra l\u2019altro per stimolare la collaborazione tra imprese (dalle micro alle grandi) e organismi di ricerca e diffusione della conoscenza per lo sviluppo, la produzione e la distribuzione di prodotti cross-mediali, per la post produzione digitale e per lo sviluppo di applicazioni digitali anche nel campo della medicina, della salute e del benessere personale.<\/p>\n<p>Sono\u00a0<strong>49 i progetti premiati<\/strong>\u00a0che hanno coinvolto in tutto<strong>\u00a056 imprese<\/strong>\u00a0e<strong>\u00a011 organismi di ricerca<\/strong>, per<strong>\u00a011,6 milioni di investimenti<\/strong>, di cui 6,5 milioni di contributi da parte della Regione\u00a0Lazio.<\/p>\n<p>Con il bando \u201c<strong>Fondo per startup creative e culturali<\/strong>\u201d si \u00e8 voluto sostenere la nascita e lo sviluppo di imprese nel settore delle attivit\u00e0 culturali e creative, in particolare nei settori audiovisivo, editoria, tecnologie applicate ai beni culturali, artigianato artistico, design, architettura e musica, cofinanziandone i costi di avvio e di primo investimento.<\/p>\n<p>In tutto\u00a0<strong>17 i progetti premiati<\/strong>\u00a0che hanno ricevuto circa<strong>\u00a0500 mila euro<\/strong>\u00a0di contributi per degli investimenti complessivi di 665 mila euro. Quanto ai settori dei progetti: 5 sono di artigianato artistico, 1 design, 2 audiovisivo, 4 tecnologie applicate ai beni culturali, 3 editoria e 2 musica.<\/p>\n<p>Per il bando \u201c<strong>Interventi per l\u2019Artigianato<\/strong>\u201d, pensato per potenziare la produttivit\u00e0, la competitivit\u00e0, la creativit\u00e0 e l\u2019innovazione delle imprese artigiane, sono stati\u00a0<strong>113 i progetti premiati<\/strong>\u00a0per diversi settori,\u00a0<strong>11 dell\u2019artigianato artistico, 4 di agricoltura e ambiente, 2 audiovisivo, 6 design, 32 edilizia, 9 impiantistica, manutenzione, riparazione, 35 produzione artigianale e 14 servizi<\/strong>. Il contributo regionale complessivo \u00e8 stato di circa<strong>\u00a02,5 milioni di euro<\/strong>\u00a0che hanno generato complessivamente<strong>\u00a03,4 milioni di investimento<\/strong>.<\/p>\n<p>Per questo bando merita ricordare che era prevista una\u00a0<strong>premialit\u00e0 per progetti che comportassero l\u2019assunzione di giovani under 35: sono 13 i progetti che ne hanno beneficiato.<\/strong><\/p>\n<h3 style=\"text-align: left;\"><a href=\"http:\/\/www.lazioinnova.it\/wp-content\/uploads\/2018\/12\/La-Regione-della-creativita%CC%80-179-progetti-di-innovazione-artigianato-e-startup-creative.pdf\" target=\"_blank\" rel=\"noopener\">Sfoglia il catalogo dei 179 progetti<\/a><\/h3>\n","protected":false},"excerpt":{"rendered":"<p>Premiati i progetti beneficiari dei bandi regionali per l\u2019artigianato e l\u2019economia creativa<\/p>\n","protected":false},"author":6,"featured_media":2327,"comment_status":"open","ping_status":"open","sticky":false,"template":"","format":"standard","meta":{"_acf_changed":false,"ghostkit_customizer_options":"","ghostkit_custom_css":"","ghostkit_custom_js_head":"","ghostkit_custom_js_foot":"","ghostkit_typography":"","footnotes":""},"categories":[6,11],"tags":[120,44,331,121,17],"class_list":["post-2328","post","type-post","status-publish","format-standard","has-post-thumbnail","hentry","category-general","category-por-fesr","tag-artigianato","tag-creativita","tag-economia-creativa","tag-reindustrializzazione","tag-startup"],"acf":[],"yoast_head":"<!-- This site is optimized with the Yoast SEO plugin v24.2 - https:\/\/yoast.com\/wordpress\/plugins\/seo\/ -->\n<title>Il Lazio tra artigianato e creativit\u00e0 - LazioEuropa Archivio 1420<\/title>\n<meta name=\"robots\" content=\"index, follow, max-snippet:-1, max-image-preview:large, max-video-preview:-1\" \/>\n<link rel=\"canonical\" href=\"https:\/\/www.lazioeuropa.it\/archivio1420\/general\/la-regione-della-creativita-2\/\" \/>\n<meta property=\"og:locale\" content=\"it_IT\" \/>\n<meta property=\"og:type\" content=\"article\" \/>\n<meta property=\"og:title\" content=\"Il Lazio tra artigianato e creativit\u00e0 - LazioEuropa Archivio 1420\" \/>\n<meta property=\"og:description\" content=\"Premiati i progetti beneficiari dei bandi regionali per l\u2019artigianato e l\u2019economia creativa\" \/>\n<meta property=\"og:url\" content=\"https:\/\/www.lazioeuropa.it\/archivio1420\/general\/la-regione-della-creativita-2\/\" \/>\n<meta property=\"og:site_name\" content=\"LazioEuropa Archivio 1420\" \/>\n<meta property=\"article:published_time\" content=\"2018-12-13T11:15:50+00:00\" \/>\n<meta property=\"article:modified_time\" content=\"2022-04-22T16:00:56+00:00\" \/>\n<meta property=\"og:image\" content=\"https:\/\/www.lazioeuropa.it\/archivio1420\/app\/uploads\/2018\/12\/Il-Lazio-tra-artigianato-e-creativita-1024x578-1.jpg\" \/>\n\t<meta property=\"og:image:width\" content=\"1024\" \/>\n\t<meta property=\"og:image:height\" content=\"578\" \/>\n\t<meta property=\"og:image:type\" content=\"image\/jpeg\" \/>\n<meta name=\"author\" content=\"Simona Carloppi\" \/>\n<meta name=\"twitter:card\" content=\"summary_large_image\" \/>\n<meta name=\"twitter:label1\" content=\"Written by\" \/>\n\t<meta name=\"twitter:data1\" content=\"Simona Carloppi\" \/>\n\t<meta name=\"twitter:label2\" content=\"Est. reading time\" \/>\n\t<meta name=\"twitter:data2\" content=\"2 minuti\" \/>\n<script type=\"application\/ld+json\" class=\"yoast-schema-graph\">{\"@context\":\"https:\/\/schema.org\",\"@graph\":[{\"@type\":\"WebPage\",\"@id\":\"https:\/\/www.lazioeuropa.it\/archivio1420\/general\/la-regione-della-creativita-2\/\",\"url\":\"https:\/\/www.lazioeuropa.it\/archivio1420\/general\/la-regione-della-creativita-2\/\",\"name\":\"Il Lazio tra artigianato e creativit\u00e0 - LazioEuropa Archivio 1420\",\"isPartOf\":{\"@id\":\"https:\/\/www.lazioeuropa.it\/archivio1420\/#website\"},\"primaryImageOfPage\":{\"@id\":\"https:\/\/www.lazioeuropa.it\/archivio1420\/general\/la-regione-della-creativita-2\/#primaryimage\"},\"image\":{\"@id\":\"https:\/\/www.lazioeuropa.it\/archivio1420\/general\/la-regione-della-creativita-2\/#primaryimage\"},\"thumbnailUrl\":\"https:\/\/www.lazioeuropa.it\/archivio1420\/app\/uploads\/2018\/12\/Il-Lazio-tra-artigianato-e-creativita-1024x578-1.jpg\",\"datePublished\":\"2018-12-13T11:15:50+00:00\",\"dateModified\":\"2022-04-22T16:00:56+00:00\",\"author\":{\"@id\":\"https:\/\/www.lazioeuropa.it\/archivio1420\/#\/schema\/person\/4f01e1f9c16acb21a94f0e1ca3184420\"},\"breadcrumb\":{\"@id\":\"https:\/\/www.lazioeuropa.it\/archivio1420\/general\/la-regione-della-creativita-2\/#breadcrumb\"},\"inLanguage\":\"it-IT\",\"potentialAction\":[{\"@type\":\"ReadAction\",\"target\":[\"https:\/\/www.lazioeuropa.it\/archivio1420\/general\/la-regione-della-creativita-2\/\"]}]},{\"@type\":\"ImageObject\",\"inLanguage\":\"it-IT\",\"@id\":\"https:\/\/www.lazioeuropa.it\/archivio1420\/general\/la-regione-della-creativita-2\/#primaryimage\",\"url\":\"https:\/\/www.lazioeuropa.it\/archivio1420\/app\/uploads\/2018\/12\/Il-Lazio-tra-artigianato-e-creativita-1024x578-1.jpg\",\"contentUrl\":\"https:\/\/www.lazioeuropa.it\/archivio1420\/app\/uploads\/2018\/12\/Il-Lazio-tra-artigianato-e-creativita-1024x578-1.jpg\",\"width\":1024,\"height\":578},{\"@type\":\"BreadcrumbList\",\"@id\":\"https:\/\/www.lazioeuropa.it\/archivio1420\/general\/la-regione-della-creativita-2\/#breadcrumb\",\"itemListElement\":[{\"@type\":\"ListItem\",\"position\":1,\"name\":\"Home\",\"item\":\"https:\/\/www.lazioeuropa.it\/archivio1420\/\"},{\"@type\":\"ListItem\",\"position\":2,\"name\":\"Il Lazio tra artigianato e creativit\u00e0\"}]},{\"@type\":\"WebSite\",\"@id\":\"https:\/\/www.lazioeuropa.it\/archivio1420\/#website\",\"url\":\"https:\/\/www.lazioeuropa.it\/archivio1420\/\",\"name\":\"LazioEuropa Archivio 1420\",\"description\":\"Lazio Europa\",\"potentialAction\":[{\"@type\":\"SearchAction\",\"target\":{\"@type\":\"EntryPoint\",\"urlTemplate\":\"https:\/\/www.lazioeuropa.it\/archivio1420\/?s={search_term_string}\"},\"query-input\":{\"@type\":\"PropertyValueSpecification\",\"valueRequired\":true,\"valueName\":\"search_term_string\"}}],\"inLanguage\":\"it-IT\"},{\"@type\":\"Person\",\"@id\":\"https:\/\/www.lazioeuropa.it\/archivio1420\/#\/schema\/person\/4f01e1f9c16acb21a94f0e1ca3184420\",\"name\":\"Simona Carloppi\",\"image\":{\"@type\":\"ImageObject\",\"inLanguage\":\"it-IT\",\"@id\":\"https:\/\/www.lazioeuropa.it\/archivio1420\/#\/schema\/person\/image\/\",\"url\":\"https:\/\/secure.gravatar.com\/avatar\/8d7fe71331ccbaeb40791de4715cc129?s=96&d=mm&r=g\",\"contentUrl\":\"https:\/\/secure.gravatar.com\/avatar\/8d7fe71331ccbaeb40791de4715cc129?s=96&d=mm&r=g\",\"caption\":\"Simona Carloppi\"},\"url\":\"https:\/\/www.lazioeuropa.it\/archivio1420\/author\/s-carloppi\/\"}]}<\/script>\n<!-- \/ Yoast SEO plugin. -->","yoast_head_json":{"title":"Il Lazio tra artigianato e creativit\u00e0 - LazioEuropa Archivio 1420","robots":{"index":"index","follow":"follow","max-snippet":"max-snippet:-1","max-image-preview":"max-image-preview:large","max-video-preview":"max-video-preview:-1"},"canonical":"https:\/\/www.lazioeuropa.it\/archivio1420\/general\/la-regione-della-creativita-2\/","og_locale":"it_IT","og_type":"article","og_title":"Il Lazio tra artigianato e creativit\u00e0 - LazioEuropa Archivio 1420","og_description":"Premiati i progetti beneficiari dei bandi regionali per l\u2019artigianato e l\u2019economia creativa","og_url":"https:\/\/www.lazioeuropa.it\/archivio1420\/general\/la-regione-della-creativita-2\/","og_site_name":"LazioEuropa Archivio 1420","article_published_time":"2018-12-13T11:15:50+00:00","article_modified_time":"2022-04-22T16:00:56+00:00","og_image":[{"width":1024,"height":578,"url":"https:\/\/www.lazioeuropa.it\/archivio1420\/app\/uploads\/2018\/12\/Il-Lazio-tra-artigianato-e-creativita-1024x578-1.jpg","type":"image\/jpeg"}],"author":"Simona Carloppi","twitter_card":"summary_large_image","twitter_misc":{"Written by":"Simona Carloppi","Est. reading time":"2 minuti"},"schema":{"@context":"https:\/\/schema.org","@graph":[{"@type":"WebPage","@id":"https:\/\/www.lazioeuropa.it\/archivio1420\/general\/la-regione-della-creativita-2\/","url":"https:\/\/www.lazioeuropa.it\/archivio1420\/general\/la-regione-della-creativita-2\/","name":"Il Lazio tra artigianato e creativit\u00e0 - LazioEuropa Archivio 1420","isPartOf":{"@id":"https:\/\/www.lazioeuropa.it\/archivio1420\/#website"},"primaryImageOfPage":{"@id":"https:\/\/www.lazioeuropa.it\/archivio1420\/general\/la-regione-della-creativita-2\/#primaryimage"},"image":{"@id":"https:\/\/www.lazioeuropa.it\/archivio1420\/general\/la-regione-della-creativita-2\/#primaryimage"},"thumbnailUrl":"https:\/\/www.lazioeuropa.it\/archivio1420\/app\/uploads\/2018\/12\/Il-Lazio-tra-artigianato-e-creativita-1024x578-1.jpg","datePublished":"2018-12-13T11:15:50+00:00","dateModified":"2022-04-22T16:00:56+00:00","author":{"@id":"https:\/\/www.lazioeuropa.it\/archivio1420\/#\/schema\/person\/4f01e1f9c16acb21a94f0e1ca3184420"},"breadcrumb":{"@id":"https:\/\/www.lazioeuropa.it\/archivio1420\/general\/la-regione-della-creativita-2\/#breadcrumb"},"inLanguage":"it-IT","potentialAction":[{"@type":"ReadAction","target":["https:\/\/www.lazioeuropa.it\/archivio1420\/general\/la-regione-della-creativita-2\/"]}]},{"@type":"ImageObject","inLanguage":"it-IT","@id":"https:\/\/www.lazioeuropa.it\/archivio1420\/general\/la-regione-della-creativita-2\/#primaryimage","url":"https:\/\/www.lazioeuropa.it\/archivio1420\/app\/uploads\/2018\/12\/Il-Lazio-tra-artigianato-e-creativita-1024x578-1.jpg","contentUrl":"https:\/\/www.lazioeuropa.it\/archivio1420\/app\/uploads\/2018\/12\/Il-Lazio-tra-artigianato-e-creativita-1024x578-1.jpg","width":1024,"height":578},{"@type":"BreadcrumbList","@id":"https:\/\/www.lazioeuropa.it\/archivio1420\/general\/la-regione-della-creativita-2\/#breadcrumb","itemListElement":[{"@type":"ListItem","position":1,"name":"Home","item":"https:\/\/www.lazioeuropa.it\/archivio1420\/"},{"@type":"ListItem","position":2,"name":"Il Lazio tra artigianato e creativit\u00e0"}]},{"@type":"WebSite","@id":"https:\/\/www.lazioeuropa.it\/archivio1420\/#website","url":"https:\/\/www.lazioeuropa.it\/archivio1420\/","name":"LazioEuropa Archivio 1420","description":"Lazio Europa","potentialAction":[{"@type":"SearchAction","target":{"@type":"EntryPoint","urlTemplate":"https:\/\/www.lazioeuropa.it\/archivio1420\/?s={search_term_string}"},"query-input":{"@type":"PropertyValueSpecification","valueRequired":true,"valueName":"search_term_string"}}],"inLanguage":"it-IT"},{"@type":"Person","@id":"https:\/\/www.lazioeuropa.it\/archivio1420\/#\/schema\/person\/4f01e1f9c16acb21a94f0e1ca3184420","name":"Simona Carloppi","image":{"@type":"ImageObject","inLanguage":"it-IT","@id":"https:\/\/www.lazioeuropa.it\/archivio1420\/#\/schema\/person\/image\/","url":"https:\/\/secure.gravatar.com\/avatar\/8d7fe71331ccbaeb40791de4715cc129?s=96&d=mm&r=g","contentUrl":"https:\/\/secure.gravatar.com\/avatar\/8d7fe71331ccbaeb40791de4715cc129?s=96&d=mm&r=g","caption":"Simona Carloppi"},"url":"https:\/\/www.lazioeuropa.it\/archivio1420\/author\/s-carloppi\/"}]}},"featured_image_src":"https:\/\/www.lazioeuropa.it\/archivio1420\/app\/uploads\/2018\/12\/Il-Lazio-tra-artigianato-e-creativita-1024x578-1.jpg","featured_image_src_square":"https:\/\/www.lazioeuropa.it\/archivio1420\/app\/uploads\/2018\/12\/Il-Lazio-tra-artigianato-e-creativita-1024x578-1.jpg","author_info":{"display_name":"Simona Carloppi","author_link":"https:\/\/www.lazioeuropa.it\/archivio1420\/author\/s-carloppi\/"},"_links":{"self":[{"href":"https:\/\/www.lazioeuropa.it\/archivio1420\/wp-json\/wp\/v2\/posts\/2328","targetHints":{"allow":["GET"]}}],"collection":[{"href":"https:\/\/www.lazioeuropa.it\/archivio1420\/wp-json\/wp\/v2\/posts"}],"about":[{"href":"https:\/\/www.lazioeuropa.it\/archivio1420\/wp-json\/wp\/v2\/types\/post"}],"author":[{"embeddable":true,"href":"https:\/\/www.lazioeuropa.it\/archivio1420\/wp-json\/wp\/v2\/users\/6"}],"replies":[{"embeddable":true,"href":"https:\/\/www.lazioeuropa.it\/archivio1420\/wp-json\/wp\/v2\/comments?post=2328"}],"version-history":[{"count":1,"href":"https:\/\/www.lazioeuropa.it\/archivio1420\/wp-json\/wp\/v2\/posts\/2328\/revisions"}],"predecessor-version":[{"id":8968,"href":"https:\/\/www.lazioeuropa.it\/archivio1420\/wp-json\/wp\/v2\/posts\/2328\/revisions\/8968"}],"wp:featuredmedia":[{"embeddable":true,"href":"https:\/\/www.lazioeuropa.it\/archivio1420\/wp-json\/wp\/v2\/media\/2327"}],"wp:attachment":[{"href":"https:\/\/www.lazioeuropa.it\/archivio1420\/wp-json\/wp\/v2\/media?parent=2328"}],"wp:term":[{"taxonomy":"category","embeddable":true,"href":"https:\/\/www.lazioeuropa.it\/archivio1420\/wp-json\/wp\/v2\/categories?post=2328"},{"taxonomy":"post_tag","embeddable":true,"href":"https:\/\/www.lazioeuropa.it\/archivio1420\/wp-json\/wp\/v2\/tags?post=2328"}],"curies":[{"name":"wp","href":"https:\/\/api.w.org\/{rel}","templated":true}]}}